{"id":599,"date":"2025-12-07T11:25:06","date_gmt":"2025-12-07T10:25:06","guid":{"rendered":"https:\/\/theater-im-hayn.de\/?p=599"},"modified":"2025-12-07T11:25:06","modified_gmt":"2025-12-07T10:25:06","slug":"frohe-adventszeit","status":"publish","type":"post","link":"https:\/\/theater-im-hayn.de\/?p=599","title":{"rendered":"Frohe Adventszeit"},"content":{"rendered":"\n<p>Wir haben die letzten Wochen und Monate dieses Jahres genutzt um die Weichen f\u00fcr die kommende Spielzeit und unser neues St\u00fcck <a href=\"https:\/\/theater-im-hayn.de\/?page_id=585\" data-type=\"page\" data-id=\"585\"><strong>&#8222;L\u00fcgen \u00fcber L\u00fcgen&#8220;<\/strong><\/a> zu stellen. Der Probenplan ist erstellt, die Textb\u00fccher verteilt und der Flyer ist im Druck. Bald wird dann auch der Vorverkauf beginnen.<\/p>\n\n\n\n<p>Jetzt genie\u00dfen wir aber erstmal die besinnliche Adventszeit und haben uns zu unserer Weihnachtsfeier getroffen, bei der wir nochmal in Erinnerungen schwelgen und viel Spa\u00df haben konnten.<\/p>\n\n\n\n<p>Wir w\u00fcnschen allen Theaterfreunden eine frohe Adventszeit und hoffen auf ein Wiedersehen in 2026!<\/p>\n\n\n\n<figure class=\"wp-block-image size-large is-style-default\"><img loading=\"lazy\" decoding=\"async\" width=\"1024\" height=\"768\" src=\"https:\/\/theater-im-hayn.de\/wp-content\/uploads\/2025\/12\/Weihnachtsfeier_2025-1024x768.jpeg\" alt=\"\" class=\"wp-image-600\" srcset=\"https:\/\/theater-im-hayn.de\/wp-content\/uploads\/2025\/12\/Weihnachtsfeier_2025-1024x768.jpeg 1024w, https:\/\/theater-im-hayn.de\/wp-content\/uploads\/2025\/12\/Weihnachtsfeier_2025-300x225.jpeg 300w, https:\/\/theater-im-hayn.de\/wp-content\/uploads\/2025\/12\/Weihnachtsfeier_2025-768x576.jpeg 768w, https:\/\/theater-im-hayn.de\/wp-content\/uploads\/2025\/12\/Weihnachtsfeier_2025-1536x1152.jpeg 1536w, https:\/\/theater-im-hayn.de\/wp-content\/uploads\/2025\/12\/Weihnachtsfeier_2025.jpeg 1600w\" sizes=\"auto, (max-width: 767px) 89vw, (max-width: 1000px) 54vw, (max-width: 1071px) 543px, 580px\" \/><\/figure>\n","protected":false},"excerpt":{"rendered":"<p>Wir haben die letzten Wochen und Monate dieses Jahres genutzt um die Weichen f\u00fcr die kommende Spielzeit und unser neues St\u00fcck &#8222;L\u00fcgen \u00fcber L\u00fcgen&#8220; zu stellen. Der Probenplan ist erstellt, die Textb\u00fccher verteilt und der Flyer ist im Druck. Bald wird dann auch der Vorverkauf beginnen. Jetzt genie\u00dfen wir aber erstmal die besinnliche Adventszeit und &hellip; <\/p>\n<p class=\"link-more\"><a href=\"https:\/\/theater-im-hayn.de\/?p=599\" class=\"more-link\"><span class=\"screen-reader-text\">\u201eFrohe Adventszeit\u201c<\/span> weiterlesen<\/a><\/p>\n","protected":false},"author":1,"featured_media":0,"comment_status":"open","ping_status":"open","sticky":false,"template":"","format":"standard","meta":{"footnotes":""},"categories":[1],"tags":[],"class_list":["post-599","post","type-post","status-publish","format-standard","hentry","category-uncategorized"],"_links":{"self":[{"href":"https:\/\/theater-im-hayn.de\/index.php?rest_route=\/wp\/v2\/posts\/599","targetHints":{"allow":["GET"]}}],"collection":[{"href":"https:\/\/theater-im-hayn.de\/index.php?rest_route=\/wp\/v2\/posts"}],"about":[{"href":"https:\/\/theater-im-hayn.de\/index.php?rest_route=\/wp\/v2\/types\/post"}],"author":[{"embeddable":true,"href":"https:\/\/theater-im-hayn.de\/index.php?rest_route=\/wp\/v2\/users\/1"}],"replies":[{"embeddable":true,"href":"https:\/\/theater-im-hayn.de\/index.php?rest_route=%2Fwp%2Fv2%2Fcomments&post=599"}],"version-history":[{"count":1,"href":"https:\/\/theater-im-hayn.de\/index.php?rest_route=\/wp\/v2\/posts\/599\/revisions"}],"predecessor-version":[{"id":601,"href":"https:\/\/theater-im-hayn.de\/index.php?rest_route=\/wp\/v2\/posts\/599\/revisions\/601"}],"wp:attachment":[{"href":"https:\/\/theater-im-hayn.de\/index.php?rest_route=%2Fwp%2Fv2%2Fmedia&parent=599"}],"wp:term":[{"taxonomy":"category","embeddable":true,"href":"https:\/\/theater-im-hayn.de\/index.php?rest_route=%2Fwp%2Fv2%2Fcategories&post=599"},{"taxonomy":"post_tag","embeddable":true,"href":"https:\/\/theater-im-hayn.de\/index.php?rest_route=%2Fwp%2Fv2%2Ftags&post=599"}],"curies":[{"name":"wp","href":"https:\/\/api.w.org\/{rel}","templated":true}]}}