{"id":579,"date":"2025-09-14T18:20:09","date_gmt":"2025-09-14T16:20:09","guid":{"rendered":"https:\/\/theater-im-hayn.de\/?p=579"},"modified":"2025-09-14T18:20:09","modified_gmt":"2025-09-14T16:20:09","slug":"und-es-geht-weiter","status":"publish","type":"post","link":"https:\/\/theater-im-hayn.de\/?p=579","title":{"rendered":"&#8230;und es geht weiter!!!"},"content":{"rendered":"\n<p>Ganz nach dem Motto &#8222;Nach der Auff\u00fchrung ist vor der Auff\u00fchrung&#8220; waren wir seit unseren Vorstellungen im April nicht unt\u00e4tig. Wir haben uns um organisatorische Dinge gek\u00fcmmert, die Planung f\u00fcr das kommende Jahr ist bereits weitestgehend abgeschlossen und wir haben uns aber auch den sch\u00f6nen Dingen zugewandt und gemeinsam, wie jedes Jahr, gefeiert. Aber alles der Reihe nach.<\/p>\n\n\n\n<p>Zuerst die wahrscheinlich wichtigste Nachricht: Auch 2026 werden wir wieder ein St\u00fcck auf die B\u00fchne bringen und kehren hierzu im Juni ins B\u00fcrgerhaus Sprendlingen sowie in den Saalbau Eigenheim in Egelsbach zur\u00fcck. Gespielt wird diesmal<\/p>\n\n\n\n<p class=\"has-text-align-center\"><strong>&#8222;L\u00fcgen \u00fcber L\u00fcgen&#8220; von Walter G. Pfaus<\/strong>.<\/p>\n\n\n\n<p>W\u00e4hrend unserer Jahreshauptversammlung haben wir die Weichen f\u00fcr das kommende Jahr gestellt und im August gemeinsam unser allj\u00e4hrliches Sommerfest gefeiert.<\/p>\n\n\n\n<p>F\u00fcr freuen uns bereits auf die kommenden Theatersaison und dass wir Sie wieder unterhalten d\u00fcrfen.<\/p>\n\n\n\n<p><\/p>\n","protected":false},"excerpt":{"rendered":"<p>Ganz nach dem Motto &#8222;Nach der Auff\u00fchrung ist vor der Auff\u00fchrung&#8220; waren wir seit unseren Vorstellungen im April nicht unt\u00e4tig. Wir haben uns um organisatorische Dinge gek\u00fcmmert, die Planung f\u00fcr das kommende Jahr ist bereits weitestgehend abgeschlossen und wir haben uns aber auch den sch\u00f6nen Dingen zugewandt und gemeinsam, wie jedes Jahr, gefeiert. Aber alles &hellip; <\/p>\n<p class=\"link-more\"><a href=\"https:\/\/theater-im-hayn.de\/?p=579\" class=\"more-link\"><span class=\"screen-reader-text\">\u201e&#8230;und es geht weiter!!!\u201c<\/span> weiterlesen<\/a><\/p>\n","protected":false},"author":1,"featured_media":0,"comment_status":"open","ping_status":"open","sticky":false,"template":"","format":"standard","meta":{"footnotes":""},"categories":[1],"tags":[],"class_list":["post-579","post","type-post","status-publish","format-standard","hentry","category-uncategorized"],"_links":{"self":[{"href":"https:\/\/theater-im-hayn.de\/index.php?rest_route=\/wp\/v2\/posts\/579","targetHints":{"allow":["GET"]}}],"collection":[{"href":"https:\/\/theater-im-hayn.de\/index.php?rest_route=\/wp\/v2\/posts"}],"about":[{"href":"https:\/\/theater-im-hayn.de\/index.php?rest_route=\/wp\/v2\/types\/post"}],"author":[{"embeddable":true,"href":"https:\/\/theater-im-hayn.de\/index.php?rest_route=\/wp\/v2\/users\/1"}],"replies":[{"embeddable":true,"href":"https:\/\/theater-im-hayn.de\/index.php?rest_route=%2Fwp%2Fv2%2Fcomments&post=579"}],"version-history":[{"count":1,"href":"https:\/\/theater-im-hayn.de\/index.php?rest_route=\/wp\/v2\/posts\/579\/revisions"}],"predecessor-version":[{"id":580,"href":"https:\/\/theater-im-hayn.de\/index.php?rest_route=\/wp\/v2\/posts\/579\/revisions\/580"}],"wp:attachment":[{"href":"https:\/\/theater-im-hayn.de\/index.php?rest_route=%2Fwp%2Fv2%2Fmedia&parent=579"}],"wp:term":[{"taxonomy":"category","embeddable":true,"href":"https:\/\/theater-im-hayn.de\/index.php?rest_route=%2Fwp%2Fv2%2Fcategories&post=579"},{"taxonomy":"post_tag","embeddable":true,"href":"https:\/\/theater-im-hayn.de\/index.php?rest_route=%2Fwp%2Fv2%2Ftags&post=579"}],"curies":[{"name":"wp","href":"https:\/\/api.w.org\/{rel}","templated":true}]}}