{"id":566,"date":"2025-04-30T00:00:09","date_gmt":"2025-04-29T22:00:09","guid":{"rendered":"https:\/\/theater-im-hayn.de\/?p=566"},"modified":"2025-04-30T00:00:09","modified_gmt":"2025-04-29T22:00:09","slug":"vielen-dank-fuer-den-applaus","status":"publish","type":"post","link":"https:\/\/theater-im-hayn.de\/?p=566","title":{"rendered":"Vielen Dank f\u00fcr den Applaus!"},"content":{"rendered":"\n<p>Liebe Theaterfreunde,<\/p>\n\n\n\n<p>wir m\u00f6chten uns bei Ihnen f\u00fcr Ihr zahlreiches Kommen bedanken und dass wir somit zwei erfolgreiche Premieren feiern konnten: zum einen unser erstes Gastspiel im Saalbau Eigenheim in Egelsbach und zum anderen unsere erste Vorstellung auf der B\u00fchne des B\u00fcrgerhaus Sprendlingen, nachdem wir uns im vergangenen Jahr von unserer langj\u00e4hrigen &#8222;Heimb\u00fchne&#8220; in Dreieichenhain verabschiedet hatten.<\/p>\n\n\n\n<p>Mit den positiven Eindr\u00fccken der vergangenen Wochen verabschieden wir uns in die Sommerpause. Doch das hei\u00dft nicht, dass wir als Verein nichts zu tun haben. Auch in den kommenden Monaten wird es Vereinsaktivit\u00e4ten geben und nat\u00fcrlich muss die kommende Theatersaison geplant werden.<\/p>\n\n\n\n<p>Wenn auch Sie daran als aktives Mitglied teilhaben m\u00f6chten, melden Sie sich gerne unter <a href=\"mailto:geschaeftsstelle@theater-im-hayn.de\">geschaeftsstelle@theater-im-hayn.de<\/a>. Wir freuen uns \u00fcber jede Unterst\u00fctzung, ob auf oder hinter der B\u00fchne.<\/p>\n\n\n\n<figure class=\"wp-block-image size-large\"><img loading=\"lazy\" decoding=\"async\" width=\"1024\" height=\"577\" src=\"https:\/\/theater-im-hayn.de\/wp-content\/uploads\/2025\/04\/1b1a70c1-d85f-436e-a812-4109fc714c29-1024x577.jpg\" alt=\"\" class=\"wp-image-567\" srcset=\"https:\/\/theater-im-hayn.de\/wp-content\/uploads\/2025\/04\/1b1a70c1-d85f-436e-a812-4109fc714c29-1024x577.jpg 1024w, https:\/\/theater-im-hayn.de\/wp-content\/uploads\/2025\/04\/1b1a70c1-d85f-436e-a812-4109fc714c29-300x169.jpg 300w, https:\/\/theater-im-hayn.de\/wp-content\/uploads\/2025\/04\/1b1a70c1-d85f-436e-a812-4109fc714c29-768x432.jpg 768w, https:\/\/theater-im-hayn.de\/wp-content\/uploads\/2025\/04\/1b1a70c1-d85f-436e-a812-4109fc714c29-1536x865.jpg 1536w, https:\/\/theater-im-hayn.de\/wp-content\/uploads\/2025\/04\/1b1a70c1-d85f-436e-a812-4109fc714c29.jpg 1600w\" sizes=\"auto, (max-width: 767px) 89vw, (max-width: 1000px) 54vw, (max-width: 1071px) 543px, 580px\" \/><\/figure>\n","protected":false},"excerpt":{"rendered":"<p>Liebe Theaterfreunde, wir m\u00f6chten uns bei Ihnen f\u00fcr Ihr zahlreiches Kommen bedanken und dass wir somit zwei erfolgreiche Premieren feiern konnten: zum einen unser erstes Gastspiel im Saalbau Eigenheim in Egelsbach und zum anderen unsere erste Vorstellung auf der B\u00fchne des B\u00fcrgerhaus Sprendlingen, nachdem wir uns im vergangenen Jahr von unserer langj\u00e4hrigen &#8222;Heimb\u00fchne&#8220; in Dreieichenhain &hellip; <\/p>\n<p class=\"link-more\"><a href=\"https:\/\/theater-im-hayn.de\/?p=566\" class=\"more-link\"><span class=\"screen-reader-text\">\u201eVielen Dank f\u00fcr den Applaus!\u201c<\/span> weiterlesen<\/a><\/p>\n","protected":false},"author":1,"featured_media":0,"comment_status":"open","ping_status":"open","sticky":false,"template":"","format":"standard","meta":{"footnotes":""},"categories":[1],"tags":[],"class_list":["post-566","post","type-post","status-publish","format-standard","hentry","category-uncategorized"],"_links":{"self":[{"href":"https:\/\/theater-im-hayn.de\/index.php?rest_route=\/wp\/v2\/posts\/566","targetHints":{"allow":["GET"]}}],"collection":[{"href":"https:\/\/theater-im-hayn.de\/index.php?rest_route=\/wp\/v2\/posts"}],"about":[{"href":"https:\/\/theater-im-hayn.de\/index.php?rest_route=\/wp\/v2\/types\/post"}],"author":[{"embeddable":true,"href":"https:\/\/theater-im-hayn.de\/index.php?rest_route=\/wp\/v2\/users\/1"}],"replies":[{"embeddable":true,"href":"https:\/\/theater-im-hayn.de\/index.php?rest_route=%2Fwp%2Fv2%2Fcomments&post=566"}],"version-history":[{"count":1,"href":"https:\/\/theater-im-hayn.de\/index.php?rest_route=\/wp\/v2\/posts\/566\/revisions"}],"predecessor-version":[{"id":568,"href":"https:\/\/theater-im-hayn.de\/index.php?rest_route=\/wp\/v2\/posts\/566\/revisions\/568"}],"wp:attachment":[{"href":"https:\/\/theater-im-hayn.de\/index.php?rest_route=%2Fwp%2Fv2%2Fmedia&parent=566"}],"wp:term":[{"taxonomy":"category","embeddable":true,"href":"https:\/\/theater-im-hayn.de\/index.php?rest_route=%2Fwp%2Fv2%2Fcategories&post=566"},{"taxonomy":"post_tag","embeddable":true,"href":"https:\/\/theater-im-hayn.de\/index.php?rest_route=%2Fwp%2Fv2%2Ftags&post=566"}],"curies":[{"name":"wp","href":"https:\/\/api.w.org\/{rel}","templated":true}]}}